{"id":83,"date":"2023-10-02T08:00:00","date_gmt":"2023-10-02T06:00:00","guid":{"rendered":"https:\/\/www.restaurantesalonmajestic.com\/blog\/?p=83"},"modified":"2023-09-25T13:42:41","modified_gmt":"2023-09-25T11:42:41","slug":"restaurante-para-comuniones-en-arjona","status":"publish","type":"post","link":"https:\/\/www.restaurantesalonmajestic.com\/blog\/restaurante-para-comuniones-en-arjona\/","title":{"rendered":"Restaurante para Comuniones en Arjona"},"content":{"rendered":"\n<p>Como cada a\u00f1o, comenzamos a preparar con mucha ilusi\u00f3n los men\u00fas, detalles y tendencias para las\u00a0<strong>comuniones en Arjona.<\/strong> Un d\u00eda especial y de los m\u00e1s importantes para los m\u00e1s peque\u00f1os.\u00a0<\/p>\n\n\n\n<p>\u00bfHas pensado c\u00f3mo ser\u00eda el evento de\u00a0<strong>comuni\u00f3n<\/strong>\u00a0ideal para tu hijo o hija? En <strong><strong><a rel=\"noreferrer noopener\" href=\"https:\/\/www.restaurantesalonmajestic.com\/\" target=\"_blank\">Majestic<\/a><\/strong><\/strong>\u00a0trabajamos para crear eventos que sorprenden, con la flexibilidad y servicios para que tengas el evento perfecto.<\/p>\n\n\n\n<p>Si quieres celebrar la comuni\u00f3n de tu hijo\/a, mira algunas de nuestras caracter\u00edsticas.<\/p>\n\n\n\n<!--more-->\n\n\n\n<figure class=\"wp-block-image size-large\"><a href=\"https:\/\/www.restaurantesalonmajestic.com\/blog\/wp-content\/uploads\/2023\/05\/celebraciones-bodas-arjona-jaen-salon-majestic-banquetes-2.jpg\" target=\"_blank\" rel=\"noopener\"><img loading=\"lazy\" decoding=\"async\" width=\"939\" height=\"626\" src=\"https:\/\/www.restaurantesalonmajestic.com\/blog\/wp-content\/uploads\/2023\/05\/celebraciones-bodas-arjona-jaen-salon-majestic-banquetes-2.jpg\" alt=\"\" class=\"wp-image-46\" srcset=\"https:\/\/www.restaurantesalonmajestic.com\/blog\/wp-content\/uploads\/2023\/05\/celebraciones-bodas-arjona-jaen-salon-majestic-banquetes-2.jpg 939w, https:\/\/www.restaurantesalonmajestic.com\/blog\/wp-content\/uploads\/2023\/05\/celebraciones-bodas-arjona-jaen-salon-majestic-banquetes-2-300x200.jpg 300w, https:\/\/www.restaurantesalonmajestic.com\/blog\/wp-content\/uploads\/2023\/05\/celebraciones-bodas-arjona-jaen-salon-majestic-banquetes-2-768x512.jpg 768w\" sizes=\"auto, (max-width: 939px) 100vw, 939px\" \/><\/a><\/figure>\n\n\n\n<div style=\"height:26px\" aria-hidden=\"true\" class=\"wp-block-spacer\"><\/div>\n\n\n\n<h2 class=\"wp-block-heading\">Restaurante para Comuniones en Arjona<\/h2>\n\n\n\n<p>Nuestra filosof\u00eda es ofrecer el mejor servicio y de la mejor calidad para que cada&nbsp;<strong>evento<\/strong>&nbsp;sea perfecto y especial y en las comuniones nos aseguramos de que los\/las protagonistas disfruten al m\u00e1ximo de su gran d\u00eda.<\/p>\n\n\n\n<p>Despu\u00e9s de la celebraci\u00f3n en la iglesia, el restaurante cobra protagonismo. Los <strong><a rel=\"noreferrer noopener\" href=\"https:\/\/www.restaurantesalonmajestic.com\/\" target=\"_blank\">salones Majestic<\/a><\/strong>, en Arjona,<strong> <\/strong>son un lugar ideal para <strong>celebrar la comuni\u00f3n en Arjona de tu hijo o hija<\/strong>. Un espacio dotado con los \u00faltimos avances t\u00e9cnicos, con capacidad de hasta 600 personas, con un ambiente elegante y distinguido. Nosotros nos encargamos de adaptar el espacio a la medida de tus necesidades.<\/p>\n\n\n\n<div style=\"height:26px\" aria-hidden=\"true\" class=\"wp-block-spacer\"><\/div>\n\n\n\n<figure class=\"wp-block-image size-large\"><a href=\"https:\/\/www.restaurantesalonmajestic.com\/blog\/wp-content\/uploads\/2023\/09\/restaurante-comuniones-arjona-majestic-salones-celebraciones-2.jpg\" target=\"_blank\" rel=\"noopener\"><img loading=\"lazy\" decoding=\"async\" width=\"939\" height=\"626\" src=\"https:\/\/www.restaurantesalonmajestic.com\/blog\/wp-content\/uploads\/2023\/09\/restaurante-comuniones-arjona-majestic-salones-celebraciones-2.jpg\" alt=\"\" class=\"wp-image-87\" srcset=\"https:\/\/www.restaurantesalonmajestic.com\/blog\/wp-content\/uploads\/2023\/09\/restaurante-comuniones-arjona-majestic-salones-celebraciones-2.jpg 939w, https:\/\/www.restaurantesalonmajestic.com\/blog\/wp-content\/uploads\/2023\/09\/restaurante-comuniones-arjona-majestic-salones-celebraciones-2-300x200.jpg 300w, https:\/\/www.restaurantesalonmajestic.com\/blog\/wp-content\/uploads\/2023\/09\/restaurante-comuniones-arjona-majestic-salones-celebraciones-2-768x512.jpg 768w\" sizes=\"auto, (max-width: 939px) 100vw, 939px\" \/><\/a><\/figure>\n\n\n\n<div style=\"height:26px\" aria-hidden=\"true\" class=\"wp-block-spacer\"><\/div>\n\n\n\n<p>Todo ello, aderezado con&nbsp;<strong>la mejor gastronom\u00eda<\/strong>&nbsp;de nuestra comarca, presente en todos y cada uno de los m\u00e1s de 100 platos que componen nuestra carta de celebraciones, y entre los que destaca nuestra exquisita selecci\u00f3n de mariscos, cocidos en nuestras propias instalaciones para garantizar la m\u00e1xima calidad y frescura.<\/p>\n\n\n\n<p>Ideamos la <strong>comuni\u00f3n en Arjona<\/strong> de manera que plasme el estilo de tu familia, nos encargamos de cuidar los detalles y elementos que forman parte, la elecci\u00f3n del men\u00fa, el candy bar y el sitting planning. Creamos eventos \u00fanicos adaptados a tus necesidades, con todo lujo de detalles, men\u00fas personalizados y adaptados a tu presupuesto.<\/p>\n\n\n\n<blockquote class=\"wp-block-quote is-layout-flow wp-block-quote-is-layout-flow\">\n<p class=\"has-text-align-center has-medium-font-size\">\u00bfConoc\u00e9is ya la fecha de la <strong>comuni\u00f3n<\/strong> <strong>en Arjona<\/strong>?<\/p>\n\n\n\n<p class=\"has-text-align-center has-medium-font-size\">Solicita m\u00e1s informaci\u00f3n:\u00a0<strong><a href=\"tel:+34666518845\">(+34) 666 518 845<\/a><\/strong><\/p>\n<\/blockquote>\n\n\n\n<figure class=\"wp-block-gallery has-nested-images columns-2 is-cropped wp-block-gallery-1 is-layout-flex wp-block-gallery-is-layout-flex\">\n<figure class=\"wp-block-image size-large\"><a href=\"https:\/\/www.restaurantesalonmajestic.com\/blog\/wp-content\/uploads\/2023\/05\/celebraciones-bodas-arjona-jaen-salon-majestic-banquetes-3.jpg\"><img loading=\"lazy\" decoding=\"async\" width=\"939\" height=\"626\" data-id=\"47\" src=\"https:\/\/www.restaurantesalonmajestic.com\/blog\/wp-content\/uploads\/2023\/05\/celebraciones-bodas-arjona-jaen-salon-majestic-banquetes-3.jpg\" alt=\"\" class=\"wp-image-47\" srcset=\"https:\/\/www.restaurantesalonmajestic.com\/blog\/wp-content\/uploads\/2023\/05\/celebraciones-bodas-arjona-jaen-salon-majestic-banquetes-3.jpg 939w, https:\/\/www.restaurantesalonmajestic.com\/blog\/wp-content\/uploads\/2023\/05\/celebraciones-bodas-arjona-jaen-salon-majestic-banquetes-3-300x200.jpg 300w, https:\/\/www.restaurantesalonmajestic.com\/blog\/wp-content\/uploads\/2023\/05\/celebraciones-bodas-arjona-jaen-salon-majestic-banquetes-3-768x512.jpg 768w\" sizes=\"auto, (max-width: 939px) 100vw, 939px\" \/><\/a><\/figure>\n\n\n\n<figure class=\"wp-block-image size-large\"><a href=\"https:\/\/www.restaurantesalonmajestic.com\/blog\/wp-content\/uploads\/2023\/05\/Salon-de-bodas-Majerstic-Arjona-celebraciones-banquetes-Jaen.jpg\"><img loading=\"lazy\" decoding=\"async\" width=\"1024\" height=\"576\" data-id=\"44\" src=\"https:\/\/www.restaurantesalonmajestic.com\/blog\/wp-content\/uploads\/2023\/05\/Salon-de-bodas-Majerstic-Arjona-celebraciones-banquetes-Jaen-1024x576.jpg\" alt=\"\" class=\"wp-image-44\" srcset=\"https:\/\/www.restaurantesalonmajestic.com\/blog\/wp-content\/uploads\/2023\/05\/Salon-de-bodas-Majerstic-Arjona-celebraciones-banquetes-Jaen-1024x576.jpg 1024w, https:\/\/www.restaurantesalonmajestic.com\/blog\/wp-content\/uploads\/2023\/05\/Salon-de-bodas-Majerstic-Arjona-celebraciones-banquetes-Jaen-300x169.jpg 300w, https:\/\/www.restaurantesalonmajestic.com\/blog\/wp-content\/uploads\/2023\/05\/Salon-de-bodas-Majerstic-Arjona-celebraciones-banquetes-Jaen-768x432.jpg 768w, https:\/\/www.restaurantesalonmajestic.com\/blog\/wp-content\/uploads\/2023\/05\/Salon-de-bodas-Majerstic-Arjona-celebraciones-banquetes-Jaen-1536x864.jpg 1536w, https:\/\/www.restaurantesalonmajestic.com\/blog\/wp-content\/uploads\/2023\/05\/Salon-de-bodas-Majerstic-Arjona-celebraciones-banquetes-Jaen.jpg 1600w\" sizes=\"auto, (max-width: 1024px) 100vw, 1024px\" \/><\/a><\/figure>\n\n\n\n<figure class=\"wp-block-image size-large\"><a href=\"https:\/\/www.restaurantesalonmajestic.com\/blog\/wp-content\/uploads\/2023\/05\/celebraciones-bodas-arjona-jaen-salon-majestic-banquetes-2.jpg\"><img loading=\"lazy\" decoding=\"async\" width=\"939\" height=\"626\" data-id=\"46\" src=\"https:\/\/www.restaurantesalonmajestic.com\/blog\/wp-content\/uploads\/2023\/05\/celebraciones-bodas-arjona-jaen-salon-majestic-banquetes-2.jpg\" alt=\"\" class=\"wp-image-46\" srcset=\"https:\/\/www.restaurantesalonmajestic.com\/blog\/wp-content\/uploads\/2023\/05\/celebraciones-bodas-arjona-jaen-salon-majestic-banquetes-2.jpg 939w, https:\/\/www.restaurantesalonmajestic.com\/blog\/wp-content\/uploads\/2023\/05\/celebraciones-bodas-arjona-jaen-salon-majestic-banquetes-2-300x200.jpg 300w, https:\/\/www.restaurantesalonmajestic.com\/blog\/wp-content\/uploads\/2023\/05\/celebraciones-bodas-arjona-jaen-salon-majestic-banquetes-2-768x512.jpg 768w\" sizes=\"auto, (max-width: 939px) 100vw, 939px\" \/><\/a><\/figure>\n<\/figure>\n","protected":false},"excerpt":{"rendered":"<p>Como cada a\u00f1o, comenzamos a preparar con mucha ilusi\u00f3n los men\u00fas, detalles y tendencias para las\u00a0comuniones en Arjona. Un d\u00eda especial y de los m\u00e1s importantes para los m\u00e1s peque\u00f1os.\u00a0 \u00bfHas pensado c\u00f3mo ser\u00eda el evento de\u00a0comuni\u00f3n\u00a0ideal para tu hijo o hija? En Majestic\u00a0trabajamos para crear eventos que sorprenden, con la flexibilidad y servicios para [&hellip;]<\/p>\n","protected":false},"author":3,"featured_media":88,"comment_status":"closed","ping_status":"open","sticky":false,"template":"","format":"standard","meta":{"footnotes":""},"categories":[1],"tags":[],"class_list":["post-83","post","type-post","status-publish","format-standard","has-post-thumbnail","hentry","category-sin-categoria"],"_links":{"self":[{"href":"https:\/\/www.restaurantesalonmajestic.com\/blog\/wp-json\/wp\/v2\/posts\/83","targetHints":{"allow":["GET"]}}],"collection":[{"href":"https:\/\/www.restaurantesalonmajestic.com\/blog\/wp-json\/wp\/v2\/posts"}],"about":[{"href":"https:\/\/www.restaurantesalonmajestic.com\/blog\/wp-json\/wp\/v2\/types\/post"}],"author":[{"embeddable":true,"href":"https:\/\/www.restaurantesalonmajestic.com\/blog\/wp-json\/wp\/v2\/users\/3"}],"replies":[{"embeddable":true,"href":"https:\/\/www.restaurantesalonmajestic.com\/blog\/wp-json\/wp\/v2\/comments?post=83"}],"version-history":[{"count":6,"href":"https:\/\/www.restaurantesalonmajestic.com\/blog\/wp-json\/wp\/v2\/posts\/83\/revisions"}],"predecessor-version":[{"id":92,"href":"https:\/\/www.restaurantesalonmajestic.com\/blog\/wp-json\/wp\/v2\/posts\/83\/revisions\/92"}],"wp:featuredmedia":[{"embeddable":true,"href":"https:\/\/www.restaurantesalonmajestic.com\/blog\/wp-json\/wp\/v2\/media\/88"}],"wp:attachment":[{"href":"https:\/\/www.restaurantesalonmajestic.com\/blog\/wp-json\/wp\/v2\/media?parent=83"}],"wp:term":[{"taxonomy":"category","embeddable":true,"href":"https:\/\/www.restaurantesalonmajestic.com\/blog\/wp-json\/wp\/v2\/categories?post=83"},{"taxonomy":"post_tag","embeddable":true,"href":"https:\/\/www.restaurantesalonmajestic.com\/blog\/wp-json\/wp\/v2\/tags?post=83"}],"curies":[{"name":"wp","href":"https:\/\/api.w.org\/{rel}","templated":true}]}}